{"id":420,"date":"2025-05-12T20:58:26","date_gmt":"2025-05-12T19:58:26","guid":{"rendered":"http:\/\/www.aleaubebe.net\/?p=420"},"modified":"2025-05-13T22:06:35","modified_gmt":"2025-05-13T21:06:35","slug":"assemblee-generale-saison-2024-2025","status":"publish","type":"post","link":"https:\/\/www.aleaubebe.net\/?p=420","title":{"rendered":"Assembl\u00e9e g\u00e9n\u00e9rale saison 2024\/2025"},"content":{"rendered":"<div>Cher\u00b7\u00e8re\u00b7s adh\u00e9rent\u00b7e\u00b7s,<\/div>\n<div><\/div>\n<div>Nous vous invitons chaleureusement \u00e0 participer \u00e0 notre prochaine <b>assembl\u00e9e g\u00e9n\u00e9rale qui aura lieu le mercredi 4 juin 2025 \u00e0 19h00, salle Jean Jaur\u00e8s \u00e0 Rez\u00e9<\/b>. L&rsquo;AG est\u00a0un moment crucial pour notre association, votre pr\u00e9sence et votre engagement sont essentiels pour contribuer \u00e0 la vie et au d\u00e9veloppement de notre projet.<\/div>\n<div><\/div>\n<div>En tant que membre actif\u00b7ve de notre association, vous avez l&rsquo;opportunit\u00e9 de vous impliquer davantage en devenant b\u00e9n\u00e9vole, chaque contribution est pr\u00e9cieuse et n\u00e9cessaire !<\/div>\n<div><\/div>\n<div>Votre participation active renforce la diversit\u00e9 et la richesse de notre association, permettant \u00e0 chacun\u00b7e de s&rsquo;impliquer selon ses envies et ses disponibilit\u00e9s. En unissant nos forces et nos id\u00e9es, nous pouvons accomplir de grandes choses ensemble.<\/div>\n<div><\/div>\n<div>N&rsquo;h\u00e9sitez pas \u00e0 nous faire part de votre int\u00e9r\u00eat pour un r\u00f4le sp\u00e9cifique ou pour toute autre forme d&rsquo;engagement b\u00e9n\u00e9vole. Votre implication fait la force et la r\u00e9ussite de notre association.<\/div>\n<div><\/div>\n<div>Au plaisir de vous retrouver nombreux\u00b7ses lors de notre assembl\u00e9e g\u00e9n\u00e9rale et n&rsquo;oubliez pas que sans b\u00e9n\u00e9vole il n&rsquo;y a pas d&rsquo;association !<\/div>\n<div><\/div>\n<div>L&rsquo;AG est \u00e9galement l&rsquo;occasion de se r\u00e9-inscrire pour la prochaine saison alors si vous souhaitez poursuivre les b\u00e9b\u00e9s nageurs une ann\u00e9e suppl\u00e9mentaire, merci de venir avec votre\u00a0<a href=\"http:\/\/www.aleaubebe.net\/wp-content\/uploads\/2025\/05\/ALEB_Fiche-re-inscription-2025-26.pdf\">fiche r\u00e9-inscription 2025-2026<\/a> ainsi que le <a href=\"http:\/\/www.aleaubebe.net\/wp-content\/uploads\/2024\/05\/fiche_m\u00e9dicale.pdf\">fiche m\u00e9dicale<\/a>.<\/div>\n<p>&nbsp;<\/p>\n","protected":false},"excerpt":{"rendered":"<p>Cher\u00b7\u00e8re\u00b7s adh\u00e9rent\u00b7e\u00b7s, Nous vous invitons chaleureusement \u00e0 participer \u00e0 notre prochaine assembl\u00e9e g\u00e9n\u00e9rale qui aura lieu le mercredi 4 juin 2025 \u00e0 19h00, salle Jean Jaur\u00e8s \u00e0 Rez\u00e9. L&rsquo;AG est\u00a0un moment crucial pour notre association, votre pr\u00e9sence et votre engagement sont essentiels pour contribuer \u00e0 la vie et au d\u00e9veloppement de notre projet. En tant [&hellip;]<\/p>\n","protected":false},"author":1,"featured_media":0,"comment_status":"closed","ping_status":"open","sticky":false,"template":"","format":"standard","meta":[],"categories":[10],"tags":[],"_links":{"self":[{"href":"https:\/\/www.aleaubebe.net\/index.php?rest_route=\/wp\/v2\/posts\/420"}],"collection":[{"href":"https:\/\/www.aleaubebe.net\/index.php?rest_route=\/wp\/v2\/posts"}],"about":[{"href":"https:\/\/www.aleaubebe.net\/index.php?rest_route=\/wp\/v2\/types\/post"}],"author":[{"embeddable":true,"href":"https:\/\/www.aleaubebe.net\/index.php?rest_route=\/wp\/v2\/users\/1"}],"replies":[{"embeddable":true,"href":"https:\/\/www.aleaubebe.net\/index.php?rest_route=%2Fwp%2Fv2%2Fcomments&post=420"}],"version-history":[{"count":10,"href":"https:\/\/www.aleaubebe.net\/index.php?rest_route=\/wp\/v2\/posts\/420\/revisions"}],"predecessor-version":[{"id":480,"href":"https:\/\/www.aleaubebe.net\/index.php?rest_route=\/wp\/v2\/posts\/420\/revisions\/480"}],"wp:attachment":[{"href":"https:\/\/www.aleaubebe.net\/index.php?rest_route=%2Fwp%2Fv2%2Fmedia&parent=420"}],"wp:term":[{"taxonomy":"category","embeddable":true,"href":"https:\/\/www.aleaubebe.net\/index.php?rest_route=%2Fwp%2Fv2%2Fcategories&post=420"},{"taxonomy":"post_tag","embeddable":true,"href":"https:\/\/www.aleaubebe.net\/index.php?rest_route=%2Fwp%2Fv2%2Ftags&post=420"}],"curies":[{"name":"wp","href":"https:\/\/api.w.org\/{rel}","templated":true}]}}